{"id":2369,"date":"2024-01-19T11:28:07","date_gmt":"2024-01-19T10:28:07","guid":{"rendered":"https:\/\/msc-ingersheim.de\/?p=2369"},"modified":"2024-01-19T11:28:08","modified_gmt":"2024-01-19T10:28:08","slug":"european-cup-nr-34-in-zolder-belgien","status":"publish","type":"post","link":"https:\/\/msc-ingersheim.de\/?p=2369","title":{"rendered":"European Cup Nr. 3+4 in Zolder\/ Belgien"},"content":{"rendered":"<p>\u00dcber Ostern fand in Belgien der 3+4. Lauf des European Cup statt, zu dem\u00a01500 Fahrer aus allen L\u00e4ndern an den Start gingen.<\/p>\n<p>Die Rennen fanden an 3 Tagen \u00fcber Ostern statt.<\/p>\n<p>Stefan Heil, Emil Brosz , Moritz Ba\u00dfler und Jona Brosz reisten vom MSC Ingersheim nach Zolder, um sich hier mit der internationalen Konkurrenz zu messen.<\/p>\n<p>Stefan Heil erreichte am Samstag das \u00bd Finale. Am Sonntag k\u00e4mpfte er sich in der Elite Klasse bei 63 Startern bis ins Finale und erreichte dort Platz 7.<\/p>\n<p>Moritz Ba\u00dfler st\u00fcrzte leider beim Training am Freitag , so dass er etwas verletzt in die Rennen starten musste. Er k\u00e4mpfte sich trotzdessen durch seine Altersklasse Boys 13, die mit 82 Fahrern sehr stark besetzt war. So erreichte er am Sonntag das 1\/8 Finale und am Montag das \u00bc Finale.<\/p>\n<p>Jona Brosz fuhr an beiden Renntagen bis ins \u00bd Finale und belegte dadurch Platz 9 von 50 Fahrern in seiner Altersklasse Boys 10.<\/p>\n<p>Emil Brosz musste seine Teilnahme aufgrund Krankheit abbrechen.<\/p>\n<div id=\"attachment_2370\" style=\"width: 289px\" class=\"wp-caption alignnone\"><img loading=\"lazy\" decoding=\"async\" aria-describedby=\"caption-attachment-2370\" class=\"size-medium wp-image-2370\" src=\"https:\/\/msc-ingersheim.de\/wp-content\/uploads\/2024\/01\/zolder_1-279x300.jpg\" alt=\"\" width=\"279\" height=\"300\" srcset=\"https:\/\/msc-ingersheim.de\/wp-content\/uploads\/2024\/01\/zolder_1-279x300.jpg 279w, https:\/\/msc-ingersheim.de\/wp-content\/uploads\/2024\/01\/zolder_1-140x150.jpg 140w, https:\/\/msc-ingersheim.de\/wp-content\/uploads\/2024\/01\/zolder_1-768x824.jpg 768w, https:\/\/msc-ingersheim.de\/wp-content\/uploads\/2024\/01\/zolder_1.jpg 803w\" sizes=\"auto, (max-width: 279px) 100vw, 279px\" \/><p id=\"caption-attachment-2370\" class=\"wp-caption-text\">Jona (links) und Moritz (rechts) beim Warmfahren<\/p><\/div>\n<div id=\"attachment_2371\" style=\"width: 305px\" class=\"wp-caption alignnone\"><img loading=\"lazy\" decoding=\"async\" aria-describedby=\"caption-attachment-2371\" class=\"wp-image-2371 size-medium\" src=\"https:\/\/msc-ingersheim.de\/wp-content\/uploads\/2024\/01\/zolder_2-295x300.jpg\" alt=\"\" width=\"295\" height=\"300\" srcset=\"https:\/\/msc-ingersheim.de\/wp-content\/uploads\/2024\/01\/zolder_2-295x300.jpg 295w, https:\/\/msc-ingersheim.de\/wp-content\/uploads\/2024\/01\/zolder_2-147x150.jpg 147w, https:\/\/msc-ingersheim.de\/wp-content\/uploads\/2024\/01\/zolder_2-768x782.jpg 768w, https:\/\/msc-ingersheim.de\/wp-content\/uploads\/2024\/01\/zolder_2.jpg 812w\" sizes=\"auto, (max-width: 295px) 100vw, 295px\" \/><p id=\"caption-attachment-2371\" class=\"wp-caption-text\">Stefan Heil<\/p><\/div>\n<p>&nbsp;<\/p>\n","protected":false},"excerpt":{"rendered":"<p>\u00dcber Ostern fand in Belgien der 3+4. Lauf des European Cup statt, zu dem\u00a01500 Fahrer aus allen L\u00e4ndern an den Start gingen. Die Rennen fanden an 3 Tagen \u00fcber Ostern statt. Stefan Heil, Emil Brosz , Moritz Ba\u00dfler und Jona Brosz reisten vom MSC Ingersheim nach Zolder, um sich hier mit der internationalen Konkurrenz zu [&hellip;]<\/p>\n","protected":false},"author":7,"featured_media":0,"comment_status":"closed","ping_status":"open","sticky":false,"template":"","format":"standard","meta":{"footnotes":""},"categories":[1,17,28],"tags":[],"class_list":["post-2369","post","type-post","status-publish","format-standard","hentry","category-aktuell","category-archiv","category-archiv-bmx-2023"],"_links":{"self":[{"href":"https:\/\/msc-ingersheim.de\/index.php?rest_route=\/wp\/v2\/posts\/2369","targetHints":{"allow":["GET"]}}],"collection":[{"href":"https:\/\/msc-ingersheim.de\/index.php?rest_route=\/wp\/v2\/posts"}],"about":[{"href":"https:\/\/msc-ingersheim.de\/index.php?rest_route=\/wp\/v2\/types\/post"}],"author":[{"embeddable":true,"href":"https:\/\/msc-ingersheim.de\/index.php?rest_route=\/wp\/v2\/users\/7"}],"replies":[{"embeddable":true,"href":"https:\/\/msc-ingersheim.de\/index.php?rest_route=%2Fwp%2Fv2%2Fcomments&post=2369"}],"version-history":[{"count":1,"href":"https:\/\/msc-ingersheim.de\/index.php?rest_route=\/wp\/v2\/posts\/2369\/revisions"}],"predecessor-version":[{"id":2372,"href":"https:\/\/msc-ingersheim.de\/index.php?rest_route=\/wp\/v2\/posts\/2369\/revisions\/2372"}],"wp:attachment":[{"href":"https:\/\/msc-ingersheim.de\/index.php?rest_route=%2Fwp%2Fv2%2Fmedia&parent=2369"}],"wp:term":[{"taxonomy":"category","embeddable":true,"href":"https:\/\/msc-ingersheim.de\/index.php?rest_route=%2Fwp%2Fv2%2Fcategories&post=2369"},{"taxonomy":"post_tag","embeddable":true,"href":"https:\/\/msc-ingersheim.de\/index.php?rest_route=%2Fwp%2Fv2%2Ftags&post=2369"}],"curies":[{"name":"wp","href":"https:\/\/api.w.org\/{rel}","templated":true}]}}