{"id":3003,"date":"2025-07-17T10:23:49","date_gmt":"2025-07-17T08:23:49","guid":{"rendered":"https:\/\/msc-ingersheim.de\/?p=3003"},"modified":"2025-07-17T10:23:55","modified_gmt":"2025-07-17T08:23:55","slug":"baden-wuerttemberg-cup-in-boennigheim","status":"publish","type":"post","link":"https:\/\/msc-ingersheim.de\/?p=3003","title":{"rendered":"Baden W\u00fcrttemberg Cup in B\u00f6nnigheim"},"content":{"rendered":"<p>Mai 2025<\/p>\n<p>&nbsp;<\/p>\n<div class=\"html-div xdj266r x14z9mp xat24cr x1lziwak xexx8yu xyri2b x18d9i69 x1c1uobl\" dir=\"auto\">\n<div class=\"html-div xdj266r x14z9mp xat24cr x1lziwak xexx8yu xyri2b x18d9i69 x1c1uobl\" data-ad-rendering-role=\"story_message\">\n<div id=\"_r_u8_\" class=\"x1l90r2v x1iorvi4 x1g0dm76 xpdmqnj\" data-ad-comet-preview=\"message\" data-ad-preview=\"message\">\n<div class=\"x78zum5 xdt5ytf xz62fqu x16ldp7u\">\n<div class=\"xu06os2 x1ok221b\">\n<div class=\"html-div xdj266r x14z9mp xat24cr x1lziwak xexx8yu xyri2b x18d9i69 x1c1uobl\">\n<div class=\"xdj266r x14z9mp xat24cr x1lziwak x1vvkbs x126k92a\">\n<div dir=\"auto\">Baden W\u00fcrttemberg Cup in B\u00f6nnigheim<\/div>\n<\/div>\n<div class=\"x14z9mp xat24cr x1lziwak x1vvkbs xtlvy1s x126k92a\">\n<div dir=\"auto\">Bei bestem Race Wetter gingen 11 Ingersheimer heute in B\u00f6nnigheim beim Baw\u00fc cup ans Gatter .<\/div>\n<div dir=\"auto\">Alle hatten viel Spa\u00df und konnten tolle Rennergebnisse f\u00fcr den MSC Ingersheim einfahren.<\/div>\n<div dir=\"auto\">Die Ergebnisse:<\/div>\n<div dir=\"auto\">Cody Baier Platz <span class=\"html-span xexx8yu xyri2b x18d9i69 x1c1uobl x1hl2dhg x16tdsg8 x1vvkbs x3nfvp2 x1j61x8r x1fcty0u xdj266r xat24cr xm2jcoa x1mpyi22 xxymvpz xlup9mm x1kky2od\"><img loading=\"lazy\" decoding=\"async\" class=\"xz74otr x15mokao x1ga7v0g x16uus16 xbiv7yw\" src=\"https:\/\/static.xx.fbcdn.net\/images\/emoji.php\/v9\/t96\/1\/16\/1f949.png\" alt=\"\ud83e\udd49\" width=\"16\" height=\"16\" \/><\/span>Einsteiger<\/div>\n<div dir=\"auto\">Valery Nozdrachev Platz 4 5\/6 Jahre<\/div>\n<div dir=\"auto\">Lounis Benkovic Platz 13 11\/12 Jahre<\/div>\n<div dir=\"auto\">Noah Sonntag Platz <span class=\"html-span xexx8yu xyri2b x18d9i69 x1c1uobl x1hl2dhg x16tdsg8 x1vvkbs x3nfvp2 x1j61x8r x1fcty0u xdj266r xat24cr xm2jcoa x1mpyi22 xxymvpz xlup9mm x1kky2od\"><img loading=\"lazy\" decoding=\"async\" class=\"xz74otr x15mokao x1ga7v0g x16uus16 xbiv7yw\" src=\"https:\/\/static.xx.fbcdn.net\/images\/emoji.php\/v9\/t94\/1\/16\/1f947.png\" alt=\"\ud83e\udd47\" width=\"16\" height=\"16\" \/><\/span>13\/14 Jahre<\/div>\n<div dir=\"auto\">Leonidas Ganitis Platz <span class=\"html-span xexx8yu xyri2b x18d9i69 x1c1uobl x1hl2dhg x16tdsg8 x1vvkbs x3nfvp2 x1j61x8r x1fcty0u xdj266r xat24cr xm2jcoa x1mpyi22 xxymvpz xlup9mm x1kky2od\"><img loading=\"lazy\" decoding=\"async\" class=\"xz74otr x15mokao x1ga7v0g x16uus16 xbiv7yw\" src=\"https:\/\/static.xx.fbcdn.net\/images\/emoji.php\/v9\/t96\/1\/16\/1f949.png\" alt=\"\ud83e\udd49\" width=\"16\" height=\"16\" \/><\/span>13\/14 Jahre<\/div>\n<div dir=\"auto\">Simon Schneider Platz 4 13\/14 Jahre<\/div>\n<div dir=\"auto\">Leonas Widmann Platz <span class=\"html-span xexx8yu xyri2b x18d9i69 x1c1uobl x1hl2dhg x16tdsg8 x1vvkbs x3nfvp2 x1j61x8r x1fcty0u xdj266r xat24cr xm2jcoa x1mpyi22 xxymvpz xlup9mm x1kky2od\"><img loading=\"lazy\" decoding=\"async\" class=\"xz74otr x15mokao x1ga7v0g x16uus16 xbiv7yw\" src=\"https:\/\/static.xx.fbcdn.net\/images\/emoji.php\/v9\/t15\/1\/16\/1f948.png\" alt=\"\ud83e\udd48\" width=\"16\" height=\"16\" \/><\/span>15\/16 Jahre<\/div>\n<div dir=\"auto\">Nick Vordermeier Platz <span class=\"html-span xexx8yu xyri2b x18d9i69 x1c1uobl x1hl2dhg x16tdsg8 x1vvkbs x3nfvp2 x1j61x8r x1fcty0u xdj266r xat24cr xm2jcoa x1mpyi22 xxymvpz xlup9mm x1kky2od\"><img loading=\"lazy\" decoding=\"async\" class=\"xz74otr x15mokao x1ga7v0g x16uus16 xbiv7yw\" src=\"https:\/\/static.xx.fbcdn.net\/images\/emoji.php\/v9\/t15\/1\/16\/1f948.png\" alt=\"\ud83e\udd48\" width=\"16\" height=\"16\" \/><\/span>Junior+<\/div>\n<div dir=\"auto\">Basti Dannfald Platz <span class=\"html-span xexx8yu xyri2b x18d9i69 x1c1uobl x1hl2dhg x16tdsg8 x1vvkbs x3nfvp2 x1j61x8r x1fcty0u xdj266r xat24cr xm2jcoa x1mpyi22 xxymvpz xlup9mm x1kky2od\"><img loading=\"lazy\" decoding=\"async\" class=\"xz74otr x15mokao x1ga7v0g x16uus16 xbiv7yw\" src=\"https:\/\/static.xx.fbcdn.net\/images\/emoji.php\/v9\/t96\/1\/16\/1f949.png\" alt=\"\ud83e\udd49\" width=\"16\" height=\"16\" \/><\/span>Junior +<\/div>\n<div dir=\"auto\">Ingo Schneider Platz <span class=\"html-span xexx8yu xyri2b x18d9i69 x1c1uobl x1hl2dhg x16tdsg8 x1vvkbs x3nfvp2 x1j61x8r x1fcty0u xdj266r xat24cr xm2jcoa x1mpyi22 xxymvpz xlup9mm x1kky2od\"><img loading=\"lazy\" decoding=\"async\" class=\"xz74otr x15mokao x1ga7v0g x16uus16 xbiv7yw\" src=\"https:\/\/static.xx.fbcdn.net\/images\/emoji.php\/v9\/t94\/1\/16\/1f947.png\" alt=\"\ud83e\udd47\" width=\"16\" height=\"16\" \/><\/span> Cruiser<\/div>\n<div dir=\"auto\">Oli John Platz <span class=\"html-span xexx8yu xyri2b x18d9i69 x1c1uobl x1hl2dhg x16tdsg8 x1vvkbs x3nfvp2 x1j61x8r x1fcty0u xdj266r xat24cr xm2jcoa x1mpyi22 xxymvpz xlup9mm x1kky2od\"><img loading=\"lazy\" decoding=\"async\" class=\"xz74otr x15mokao x1ga7v0g x16uus16 xbiv7yw\" src=\"https:\/\/static.xx.fbcdn.net\/images\/emoji.php\/v9\/t96\/1\/16\/1f949.png\" alt=\"\ud83e\udd49\" width=\"16\" height=\"16\" \/><\/span>Cruiser<\/div>\n<\/div>\n<div class=\"x14z9mp xat24cr x1lziwak x1vvkbs xtlvy1s x126k92a\">\n<div dir=\"auto\">Super Ergebnisse und tolle Rennen von allen <span class=\"html-span xexx8yu xyri2b x18d9i69 x1c1uobl x1hl2dhg x16tdsg8 x1vvkbs x3nfvp2 x1j61x8r x1fcty0u xdj266r xat24cr xm2jcoa x1mpyi22 xxymvpz xlup9mm x1kky2od\"><img loading=\"lazy\" decoding=\"async\" class=\"xz74otr x15mokao x1ga7v0g x16uus16 xbiv7yw\" src=\"https:\/\/static.xx.fbcdn.net\/images\/emoji.php\/v9\/tfe\/1\/16\/1f44f.png\" alt=\"\ud83d\udc4f\" width=\"16\" height=\"16\" \/><\/span><\/div>\n<\/div>\n<\/div>\n<\/div>\n<\/div>\n<\/div>\n<\/div>\n<\/div>\n","protected":false},"excerpt":{"rendered":"<p>Mai 2025 &nbsp; Baden W\u00fcrttemberg Cup in B\u00f6nnigheim Bei bestem Race Wetter gingen 11 Ingersheimer heute in B\u00f6nnigheim beim Baw\u00fc cup ans Gatter . Alle hatten viel Spa\u00df und konnten tolle Rennergebnisse f\u00fcr den MSC Ingersheim einfahren. Die Ergebnisse: Cody Baier Platz Einsteiger Valery Nozdrachev Platz 4 5\/6 Jahre Lounis Benkovic Platz 13 11\/12 Jahre [&hellip;]<\/p>\n","protected":false},"author":7,"featured_media":3004,"comment_status":"closed","ping_status":"open","sticky":false,"template":"","format":"standard","meta":{"footnotes":""},"categories":[1,17,33],"tags":[],"class_list":{"0":"post-3003","1":"post","2":"type-post","3":"status-publish","4":"format-standard","5":"has-post-thumbnail","6":"hentry","7":"category-aktuell","8":"category-archiv","9":"category-archiv-bmx-2025","11":"post-with-thumbnail","12":"post-with-thumbnail-large"},"_links":{"self":[{"href":"https:\/\/msc-ingersheim.de\/index.php?rest_route=\/wp\/v2\/posts\/3003","targetHints":{"allow":["GET"]}}],"collection":[{"href":"https:\/\/msc-ingersheim.de\/index.php?rest_route=\/wp\/v2\/posts"}],"about":[{"href":"https:\/\/msc-ingersheim.de\/index.php?rest_route=\/wp\/v2\/types\/post"}],"author":[{"embeddable":true,"href":"https:\/\/msc-ingersheim.de\/index.php?rest_route=\/wp\/v2\/users\/7"}],"replies":[{"embeddable":true,"href":"https:\/\/msc-ingersheim.de\/index.php?rest_route=%2Fwp%2Fv2%2Fcomments&post=3003"}],"version-history":[{"count":1,"href":"https:\/\/msc-ingersheim.de\/index.php?rest_route=\/wp\/v2\/posts\/3003\/revisions"}],"predecessor-version":[{"id":3005,"href":"https:\/\/msc-ingersheim.de\/index.php?rest_route=\/wp\/v2\/posts\/3003\/revisions\/3005"}],"wp:featuredmedia":[{"embeddable":true,"href":"https:\/\/msc-ingersheim.de\/index.php?rest_route=\/wp\/v2\/media\/3004"}],"wp:attachment":[{"href":"https:\/\/msc-ingersheim.de\/index.php?rest_route=%2Fwp%2Fv2%2Fmedia&parent=3003"}],"wp:term":[{"taxonomy":"category","embeddable":true,"href":"https:\/\/msc-ingersheim.de\/index.php?rest_route=%2Fwp%2Fv2%2Fcategories&post=3003"},{"taxonomy":"post_tag","embeddable":true,"href":"https:\/\/msc-ingersheim.de\/index.php?rest_route=%2Fwp%2Fv2%2Ftags&post=3003"}],"curies":[{"name":"wp","href":"https:\/\/api.w.org\/{rel}","templated":true}]}}