{"id":3301,"date":"2026-04-27T09:02:57","date_gmt":"2026-04-27T07:02:57","guid":{"rendered":"https:\/\/msc-ingersheim.de\/?p=3301"},"modified":"2026-04-27T09:05:35","modified_gmt":"2026-04-27T07:05:35","slug":"pumptrack-rennen-1","status":"publish","type":"post","link":"https:\/\/msc-ingersheim.de\/?p=3301","title":{"rendered":"Pumptrack Rennen 1"},"content":{"rendered":"<p>W\u00e4hrend in Stuttgart die Bundesliga lief, wurde in Ludwigsburg-Pattonville ebenfalls um Zeiten gek\u00e4mpft: Beim Pumptrack-Rennen gingen drei Fahrer des MSC Ingersheim an den Start.<\/p>\n<p>F\u00fcr das Highlight sorgte der vierj\u00e4hrige Ole Kastner, der mit einer starken Leistung den 1. Platz in seiner Kategorie holte. Amelie Schneider behauptete sich als eines von nur zwei M\u00e4dchen des gesamten Rennens und wurde bei den \u201eProfis\u201c Dritte. Auch Bj\u00f6rn Kastner trat in der Kategorie der \u201eProfis\u201c an.<\/p>\n<p>Ein rundum gelungenes Rennen f\u00fcr den MSC Ingersheim.<\/p>\n<p>\u00a0<\/p>\n<p><img loading=\"lazy\" decoding=\"async\" class=\"alignnone wp-image-3304\" src=\"https:\/\/msc-ingersheim.de\/wp-content\/uploads\/2026\/04\/pump1_3-113x150.jpeg\" alt=\"\" width=\"150\" height=\"200\" srcset=\"https:\/\/msc-ingersheim.de\/wp-content\/uploads\/2026\/04\/pump1_3-113x150.jpeg 113w, https:\/\/msc-ingersheim.de\/wp-content\/uploads\/2026\/04\/pump1_3-225x300.jpeg 225w, https:\/\/msc-ingersheim.de\/wp-content\/uploads\/2026\/04\/pump1_3-768x1024.jpeg 768w, https:\/\/msc-ingersheim.de\/wp-content\/uploads\/2026\/04\/pump1_3-1152x1536.jpeg 1152w, https:\/\/msc-ingersheim.de\/wp-content\/uploads\/2026\/04\/pump1_3.jpeg 1200w\" sizes=\"auto, (max-width: 150px) 100vw, 150px\" \/> \u00a0<img loading=\"lazy\" decoding=\"async\" class=\"alignnone wp-image-3303\" src=\"https:\/\/msc-ingersheim.de\/wp-content\/uploads\/2026\/04\/pump1_2-113x150.jpeg\" alt=\"\" width=\"150\" height=\"200\" srcset=\"https:\/\/msc-ingersheim.de\/wp-content\/uploads\/2026\/04\/pump1_2-113x150.jpeg 113w, https:\/\/msc-ingersheim.de\/wp-content\/uploads\/2026\/04\/pump1_2-225x300.jpeg 225w, https:\/\/msc-ingersheim.de\/wp-content\/uploads\/2026\/04\/pump1_2-768x1024.jpeg 768w, https:\/\/msc-ingersheim.de\/wp-content\/uploads\/2026\/04\/pump1_2-1152x1536.jpeg 1152w, https:\/\/msc-ingersheim.de\/wp-content\/uploads\/2026\/04\/pump1_2.jpeg 1200w\" sizes=\"auto, (max-width: 150px) 100vw, 150px\" \/> \u00a0<img loading=\"lazy\" decoding=\"async\" class=\"alignnone wp-image-3306\" src=\"https:\/\/msc-ingersheim.de\/wp-content\/uploads\/2026\/04\/pump1_5-113x150.jpeg\" alt=\"\" width=\"150\" height=\"200\" srcset=\"https:\/\/msc-ingersheim.de\/wp-content\/uploads\/2026\/04\/pump1_5-113x150.jpeg 113w, https:\/\/msc-ingersheim.de\/wp-content\/uploads\/2026\/04\/pump1_5-225x300.jpeg 225w, https:\/\/msc-ingersheim.de\/wp-content\/uploads\/2026\/04\/pump1_5-768x1024.jpeg 768w, https:\/\/msc-ingersheim.de\/wp-content\/uploads\/2026\/04\/pump1_5-1152x1536.jpeg 1152w, https:\/\/msc-ingersheim.de\/wp-content\/uploads\/2026\/04\/pump1_5.jpeg 1200w\" sizes=\"auto, (max-width: 150px) 100vw, 150px\" \/> \u00a0<img loading=\"lazy\" decoding=\"async\" class=\"alignnone wp-image-3305\" src=\"https:\/\/msc-ingersheim.de\/wp-content\/uploads\/2026\/04\/pump1_4-113x150.jpeg\" alt=\"\" width=\"150\" height=\"200\" srcset=\"https:\/\/msc-ingersheim.de\/wp-content\/uploads\/2026\/04\/pump1_4-113x150.jpeg 113w, https:\/\/msc-ingersheim.de\/wp-content\/uploads\/2026\/04\/pump1_4-225x300.jpeg 225w, https:\/\/msc-ingersheim.de\/wp-content\/uploads\/2026\/04\/pump1_4-768x1024.jpeg 768w, https:\/\/msc-ingersheim.de\/wp-content\/uploads\/2026\/04\/pump1_4-1152x1536.jpeg 1152w, https:\/\/msc-ingersheim.de\/wp-content\/uploads\/2026\/04\/pump1_4.jpeg 1200w\" sizes=\"auto, (max-width: 150px) 100vw, 150px\" \/><\/p>\n\n\n<p><\/p>\n","protected":false},"excerpt":{"rendered":"<p>W\u00e4hrend in Stuttgart die Bundesliga lief, wurde in Ludwigsburg-Pattonville ebenfalls um Zeiten gek\u00e4mpft: Beim Pumptrack-Rennen gingen drei Fahrer des MSC Ingersheim an den Start. F\u00fcr das Highlight sorgte der vierj\u00e4hrige Ole Kastner, der mit einer starken Leistung den 1. Platz in seiner Kategorie holte. Amelie Schneider behauptete sich als eines von nur zwei M\u00e4dchen des [&hellip;]<\/p>\n","protected":false},"author":10,"featured_media":3302,"comment_status":"closed","ping_status":"open","sticky":false,"template":"","format":"standard","meta":{"footnotes":""},"categories":[1,17,35],"tags":[],"class_list":{"0":"post-3301","1":"post","2":"type-post","3":"status-publish","4":"format-standard","5":"has-post-thumbnail","6":"hentry","7":"category-aktuell","8":"category-archiv","9":"category-archiv-bmx-2026","11":"post-with-thumbnail","12":"post-with-thumbnail-large"},"_links":{"self":[{"href":"https:\/\/msc-ingersheim.de\/index.php?rest_route=\/wp\/v2\/posts\/3301","targetHints":{"allow":["GET"]}}],"collection":[{"href":"https:\/\/msc-ingersheim.de\/index.php?rest_route=\/wp\/v2\/posts"}],"about":[{"href":"https:\/\/msc-ingersheim.de\/index.php?rest_route=\/wp\/v2\/types\/post"}],"author":[{"embeddable":true,"href":"https:\/\/msc-ingersheim.de\/index.php?rest_route=\/wp\/v2\/users\/10"}],"replies":[{"embeddable":true,"href":"https:\/\/msc-ingersheim.de\/index.php?rest_route=%2Fwp%2Fv2%2Fcomments&post=3301"}],"version-history":[{"count":3,"href":"https:\/\/msc-ingersheim.de\/index.php?rest_route=\/wp\/v2\/posts\/3301\/revisions"}],"predecessor-version":[{"id":3309,"href":"https:\/\/msc-ingersheim.de\/index.php?rest_route=\/wp\/v2\/posts\/3301\/revisions\/3309"}],"wp:featuredmedia":[{"embeddable":true,"href":"https:\/\/msc-ingersheim.de\/index.php?rest_route=\/wp\/v2\/media\/3302"}],"wp:attachment":[{"href":"https:\/\/msc-ingersheim.de\/index.php?rest_route=%2Fwp%2Fv2%2Fmedia&parent=3301"}],"wp:term":[{"taxonomy":"category","embeddable":true,"href":"https:\/\/msc-ingersheim.de\/index.php?rest_route=%2Fwp%2Fv2%2Fcategories&post=3301"},{"taxonomy":"post_tag","embeddable":true,"href":"https:\/\/msc-ingersheim.de\/index.php?rest_route=%2Fwp%2Fv2%2Ftags&post=3301"}],"curies":[{"name":"wp","href":"https:\/\/api.w.org\/{rel}","templated":true}]}}